{"id":13425,"date":"2026-04-19T12:44:15","date_gmt":"2026-04-19T10:44:15","guid":{"rendered":"https:\/\/www.albverein-bergatreute.de\/zeltlager\/?p=13425"},"modified":"2026-04-19T13:01:56","modified_gmt":"2026-04-19T11:01:56","slug":"wir-bilden-uns-weiter","status":"publish","type":"post","link":"https:\/\/www.albverein-bergatreute.de\/zeltlager\/2026\/04\/19\/wir-bilden-uns-weiter\/","title":{"rendered":"Wir bilden uns weiter"},"content":{"rendered":"\n<p>Unsere Betreuer bilden sich kontinuierlich weiter.<\/p>\n\n\n\n<p>Sie besuchen alle den internen Lehrgang &#8222;Planung und Aufbau eines Zeltlagers&#8220;. Der dauert 4 Tage und findet jedes Jahr statt.<\/p>\n\n\n\n<p>Zus\u00e4tzlich gestalten wir jedes Jahr ein zweit\u00e4giges Seminar im Herbst, in dem das vergangene Zeltlager aufgearbeitet wird und daraus Neuerungen und \u00c4nderungen f\u00fcr das kommende Zeltlager erarbeitet werden.<\/p>\n\n\n\n<p>Jetzt haben sich 6 junge Betreuer dazu entschlossen, zus\u00e4tzlich noch einen externen Jugendleiterlehrgang zu besuchen, bei dem sie dann die Urkunde &#8222;Juleica&#8220;, was Jugendleitercard bedeutet, erhalten werden.<br>Hier werden p\u00e4dagogische, rechtliche und organisatorische Kenntnisse und Fertigkeiten vermittelt.<\/p>\n\n\n\n<p>Vielen Dank an die sechs Jungbetreuer. Ein weiterer Betreuer hat in diesem Jahr die Juleica bei einer anderen Organisation erworben.<\/p>\n\n\n\n<p>Der Lagerleiter ist sehr stolz auf das Engagement der Betreuer, die damit die Qualit\u00e4t unseres Zeltlagers auch f\u00fcr die Zukunft sicherstellen.<\/p>\n\n\n\n<figure class=\"wp-block-image size-large\"><img loading=\"lazy\" decoding=\"async\" width=\"1024\" height=\"768\" src=\"https:\/\/www.albverein-bergatreute.de\/zeltlager\/wp-content\/uploads\/sites\/7\/2026\/04\/WhatsApp-Image-2026-04-19-at-10.48.44-1024x768.jpeg\" alt=\"\" class=\"wp-image-13426\" srcset=\"https:\/\/www.albverein-bergatreute.de\/zeltlager\/wp-content\/uploads\/sites\/7\/2026\/04\/WhatsApp-Image-2026-04-19-at-10.48.44-1024x768.jpeg 1024w, https:\/\/www.albverein-bergatreute.de\/zeltlager\/wp-content\/uploads\/sites\/7\/2026\/04\/WhatsApp-Image-2026-04-19-at-10.48.44-300x225.jpeg 300w, https:\/\/www.albverein-bergatreute.de\/zeltlager\/wp-content\/uploads\/sites\/7\/2026\/04\/WhatsApp-Image-2026-04-19-at-10.48.44-768x576.jpeg 768w, https:\/\/www.albverein-bergatreute.de\/zeltlager\/wp-content\/uploads\/sites\/7\/2026\/04\/WhatsApp-Image-2026-04-19-at-10.48.44-1536x1152.jpeg 1536w, https:\/\/www.albverein-bergatreute.de\/zeltlager\/wp-content\/uploads\/sites\/7\/2026\/04\/WhatsApp-Image-2026-04-19-at-10.48.44.jpeg 1600w\" sizes=\"auto, (max-width: 1024px) 100vw, 1024px\" \/><figcaption class=\"wp-element-caption\">Wie man unschwer erkennen kann, findet das Seminar in Ravensburg statt. <br>Im Hintergrund ein Wahrzeichen der Stadt Ravensburg, der Mehlsack.<\/figcaption><\/figure>\n","protected":false},"excerpt":{"rendered":"<p>Unsere Betreuer bilden sich kontinuierlich weiter. Sie besuchen alle den internen Lehrgang &#8222;Planung und Aufbau eines Zeltlagers&#8220;. Der dauert 4 Tage und findet&hellip;<\/p>\n","protected":false},"author":3,"featured_media":0,"comment_status":"open","ping_status":"closed","sticky":false,"template":"","format":"standard","meta":{"ngg_post_thumbnail":0,"footnotes":""},"categories":[1],"tags":[],"class_list":["post-13425","post","type-post","status-publish","format-standard","hentry","category-buchsee-blog"],"_links":{"self":[{"href":"https:\/\/www.albverein-bergatreute.de\/zeltlager\/wp-json\/wp\/v2\/posts\/13425","targetHints":{"allow":["GET"]}}],"collection":[{"href":"https:\/\/www.albverein-bergatreute.de\/zeltlager\/wp-json\/wp\/v2\/posts"}],"about":[{"href":"https:\/\/www.albverein-bergatreute.de\/zeltlager\/wp-json\/wp\/v2\/types\/post"}],"author":[{"embeddable":true,"href":"https:\/\/www.albverein-bergatreute.de\/zeltlager\/wp-json\/wp\/v2\/users\/3"}],"replies":[{"embeddable":true,"href":"https:\/\/www.albverein-bergatreute.de\/zeltlager\/wp-json\/wp\/v2\/comments?post=13425"}],"version-history":[{"count":4,"href":"https:\/\/www.albverein-bergatreute.de\/zeltlager\/wp-json\/wp\/v2\/posts\/13425\/revisions"}],"predecessor-version":[{"id":13430,"href":"https:\/\/www.albverein-bergatreute.de\/zeltlager\/wp-json\/wp\/v2\/posts\/13425\/revisions\/13430"}],"wp:attachment":[{"href":"https:\/\/www.albverein-bergatreute.de\/zeltlager\/wp-json\/wp\/v2\/media?parent=13425"}],"wp:term":[{"taxonomy":"category","embeddable":true,"href":"https:\/\/www.albverein-bergatreute.de\/zeltlager\/wp-json\/wp\/v2\/categories?post=13425"},{"taxonomy":"post_tag","embeddable":true,"href":"https:\/\/www.albverein-bergatreute.de\/zeltlager\/wp-json\/wp\/v2\/tags?post=13425"}],"curies":[{"name":"wp","href":"https:\/\/api.w.org\/{rel}","templated":true}]}}