{"id":3051,"date":"2015-09-26T17:29:11","date_gmt":"2015-09-26T15:29:11","guid":{"rendered":"http:\/\/www.albverein-bergatreute.de\/zeltlager\/?p=3051"},"modified":"2015-09-26T17:38:20","modified_gmt":"2015-09-26T15:38:20","slug":"bilder-sind-eingestellt","status":"publish","type":"post","link":"https:\/\/www.albverein-bergatreute.de\/zeltlager\/2015\/09\/26\/bilder-sind-eingestellt\/","title":{"rendered":"Bilder sind eingestellt"},"content":{"rendered":"<p>Geschafft! \u00dcber 2000 Bilder gesichtet, \u00fcber 400 eingestellt.<\/p>\n<p>Einfach links auf &#8222;Galerien&#8220; klicken. Auf jeder Seite sind 50 Bilder &#8211; es sind 9 Seiten<\/p>\n<p>Viel Spa\u00df beim St\u00f6bern w\u00fcnscht Ihnen Klaus K\u00fcble<\/p>\n<p>&nbsp;<\/p>\n<p>(Die Reihenfolge ist nicht streng chronologisch! &#8211; Also einfach alle Bilder anschauen!)<\/p>\n","protected":false},"excerpt":{"rendered":"<p>Geschafft! \u00dcber 2000 Bilder gesichtet, \u00fcber 400 eingestellt. Einfach links auf &#8222;Galerien&#8220; klicken. Auf jeder Seite sind 50 Bilder &#8211; es sind 9&hellip;<\/p>\n","protected":false},"author":3,"featured_media":0,"comment_status":"open","ping_status":"closed","sticky":false,"template":"","format":"standard","meta":{"ngg_post_thumbnail":0,"footnotes":""},"categories":[1],"tags":[],"class_list":["post-3051","post","type-post","status-publish","format-standard","hentry","category-buchsee-blog"],"_links":{"self":[{"href":"https:\/\/www.albverein-bergatreute.de\/zeltlager\/wp-json\/wp\/v2\/posts\/3051","targetHints":{"allow":["GET"]}}],"collection":[{"href":"https:\/\/www.albverein-bergatreute.de\/zeltlager\/wp-json\/wp\/v2\/posts"}],"about":[{"href":"https:\/\/www.albverein-bergatreute.de\/zeltlager\/wp-json\/wp\/v2\/types\/post"}],"author":[{"embeddable":true,"href":"https:\/\/www.albverein-bergatreute.de\/zeltlager\/wp-json\/wp\/v2\/users\/3"}],"replies":[{"embeddable":true,"href":"https:\/\/www.albverein-bergatreute.de\/zeltlager\/wp-json\/wp\/v2\/comments?post=3051"}],"version-history":[{"count":4,"href":"https:\/\/www.albverein-bergatreute.de\/zeltlager\/wp-json\/wp\/v2\/posts\/3051\/revisions"}],"predecessor-version":[{"id":3055,"href":"https:\/\/www.albverein-bergatreute.de\/zeltlager\/wp-json\/wp\/v2\/posts\/3051\/revisions\/3055"}],"wp:attachment":[{"href":"https:\/\/www.albverein-bergatreute.de\/zeltlager\/wp-json\/wp\/v2\/media?parent=3051"}],"wp:term":[{"taxonomy":"category","embeddable":true,"href":"https:\/\/www.albverein-bergatreute.de\/zeltlager\/wp-json\/wp\/v2\/categories?post=3051"},{"taxonomy":"post_tag","embeddable":true,"href":"https:\/\/www.albverein-bergatreute.de\/zeltlager\/wp-json\/wp\/v2\/tags?post=3051"}],"curies":[{"name":"wp","href":"https:\/\/api.w.org\/{rel}","templated":true}]}}