{"id":3058,"date":"2015-10-12T21:42:31","date_gmt":"2015-10-12T19:42:31","guid":{"rendered":"http:\/\/www.albverein-bergatreute.de\/zeltlager\/?p=3058"},"modified":"2015-10-13T22:55:30","modified_gmt":"2015-10-13T20:55:30","slug":"klausurtagung","status":"publish","type":"post","link":"https:\/\/www.albverein-bergatreute.de\/zeltlager\/2015\/10\/12\/klausurtagung\/","title":{"rendered":"Klausurtagung"},"content":{"rendered":"<p>Am vergangenen Wochenende (09. &#8211; 11. Okt.) traf sich das gesamte Leitungsteam, um ein Wochenende lang das vergangene Zeltlager zu reflektieren und die Weichen f\u00fcr das Zeltlager 2016 zu stellen. Obwohl die Betreuer schon ihren Jahresurlaub im Zeltlager verbracht haben, haben sich alle Zeit genommen mitzukommen. Nat\u00fcrlich war es nicht nur Arbeit! In der sch\u00f6nen Allg\u00e4ulandschaft findet man Mu\u00dfe und Inspiration! Dank an alle!<\/p>\n<p>Als Lagerleiter kann ich nur sagen: &#8222;Das ist das denkbar beste Team, um eine so komplexe Aufgabe, wie so ein Zeltlager zu meistern!&#8220;<\/p>\n<p>Unser Anspruch ist hoch und wir verbessern uns auch nach Jahren jedes Jahr wieder aufs Neue!<\/p>\n<p><a href=\"http:\/\/www.albverein-bergatreute.de\/zeltlager\/wp-content\/uploads\/sites\/7\/2015\/10\/IMG_3277.jpg\"><img loading=\"lazy\" decoding=\"async\" class=\"alignnone size-thumbnail wp-image-3059\" src=\"http:\/\/www.albverein-bergatreute.de\/zeltlager\/wp-content\/uploads\/sites\/7\/2015\/10\/IMG_3277-150x150.jpg\" alt=\"IMG_3277\" width=\"150\" height=\"150\" \/><\/a> <a href=\"http:\/\/www.albverein-bergatreute.de\/zeltlager\/wp-content\/uploads\/sites\/7\/2015\/10\/IMG_3290.jpg\"><img loading=\"lazy\" decoding=\"async\" class=\"alignnone size-thumbnail wp-image-3060\" src=\"http:\/\/www.albverein-bergatreute.de\/zeltlager\/wp-content\/uploads\/sites\/7\/2015\/10\/IMG_3290-150x150.jpg\" alt=\"IMG_3290\" width=\"150\" height=\"150\" \/><\/a> <a href=\"http:\/\/www.albverein-bergatreute.de\/zeltlager\/wp-content\/uploads\/sites\/7\/2015\/10\/IMG_3293.jpg\"><img loading=\"lazy\" decoding=\"async\" class=\"alignnone size-thumbnail wp-image-3061\" src=\"http:\/\/www.albverein-bergatreute.de\/zeltlager\/wp-content\/uploads\/sites\/7\/2015\/10\/IMG_3293-150x150.jpg\" alt=\"IMG_3293\" width=\"150\" height=\"150\" \/><\/a> <a href=\"http:\/\/www.albverein-bergatreute.de\/zeltlager\/wp-content\/uploads\/sites\/7\/2015\/10\/IMG_3285.jpg\"><img loading=\"lazy\" decoding=\"async\" class=\"alignnone size-thumbnail wp-image-3062\" src=\"http:\/\/www.albverein-bergatreute.de\/zeltlager\/wp-content\/uploads\/sites\/7\/2015\/10\/IMG_3285-150x150.jpg\" alt=\"IMG_3285\" width=\"150\" height=\"150\" \/><\/a> <a href=\"http:\/\/www.albverein-bergatreute.de\/zeltlager\/wp-content\/uploads\/sites\/7\/2015\/10\/IMG_3292.jpg\"><img loading=\"lazy\" decoding=\"async\" class=\"alignnone size-thumbnail wp-image-3063\" src=\"http:\/\/www.albverein-bergatreute.de\/zeltlager\/wp-content\/uploads\/sites\/7\/2015\/10\/IMG_3292-150x150.jpg\" alt=\"IMG_3292\" width=\"150\" height=\"150\" \/><\/a> <a href=\"http:\/\/www.albverein-bergatreute.de\/zeltlager\/wp-content\/uploads\/sites\/7\/2015\/10\/IMG_3288.jpg\"><img loading=\"lazy\" decoding=\"async\" class=\"alignnone size-thumbnail wp-image-3064\" src=\"http:\/\/www.albverein-bergatreute.de\/zeltlager\/wp-content\/uploads\/sites\/7\/2015\/10\/IMG_3288-150x150.jpg\" alt=\"IMG_3288\" width=\"150\" height=\"150\" \/><\/a><\/p>\n","protected":false},"excerpt":{"rendered":"<p>Am vergangenen Wochenende (09. &#8211; 11. Okt.) traf sich das gesamte Leitungsteam, um ein Wochenende lang das vergangene Zeltlager zu reflektieren und die&hellip;<\/p>\n","protected":false},"author":3,"featured_media":0,"comment_status":"open","ping_status":"closed","sticky":false,"template":"","format":"standard","meta":{"ngg_post_thumbnail":0,"footnotes":""},"categories":[1],"tags":[],"class_list":["post-3058","post","type-post","status-publish","format-standard","hentry","category-buchsee-blog"],"_links":{"self":[{"href":"https:\/\/www.albverein-bergatreute.de\/zeltlager\/wp-json\/wp\/v2\/posts\/3058","targetHints":{"allow":["GET"]}}],"collection":[{"href":"https:\/\/www.albverein-bergatreute.de\/zeltlager\/wp-json\/wp\/v2\/posts"}],"about":[{"href":"https:\/\/www.albverein-bergatreute.de\/zeltlager\/wp-json\/wp\/v2\/types\/post"}],"author":[{"embeddable":true,"href":"https:\/\/www.albverein-bergatreute.de\/zeltlager\/wp-json\/wp\/v2\/users\/3"}],"replies":[{"embeddable":true,"href":"https:\/\/www.albverein-bergatreute.de\/zeltlager\/wp-json\/wp\/v2\/comments?post=3058"}],"version-history":[{"count":5,"href":"https:\/\/www.albverein-bergatreute.de\/zeltlager\/wp-json\/wp\/v2\/posts\/3058\/revisions"}],"predecessor-version":[{"id":3069,"href":"https:\/\/www.albverein-bergatreute.de\/zeltlager\/wp-json\/wp\/v2\/posts\/3058\/revisions\/3069"}],"wp:attachment":[{"href":"https:\/\/www.albverein-bergatreute.de\/zeltlager\/wp-json\/wp\/v2\/media?parent=3058"}],"wp:term":[{"taxonomy":"category","embeddable":true,"href":"https:\/\/www.albverein-bergatreute.de\/zeltlager\/wp-json\/wp\/v2\/categories?post=3058"},{"taxonomy":"post_tag","embeddable":true,"href":"https:\/\/www.albverein-bergatreute.de\/zeltlager\/wp-json\/wp\/v2\/tags?post=3058"}],"curies":[{"name":"wp","href":"https:\/\/api.w.org\/{rel}","templated":true}]}}