{"id":3098,"date":"2015-12-22T20:13:36","date_gmt":"2015-12-22T18:13:36","guid":{"rendered":"http:\/\/www.albverein-bergatreute.de\/zeltlager\/?p=3098"},"modified":"2016-03-30T16:33:35","modified_gmt":"2016-03-30T14:33:35","slug":"erste-woche-ausgebucht","status":"publish","type":"post","link":"https:\/\/www.albverein-bergatreute.de\/zeltlager\/2015\/12\/22\/erste-woche-ausgebucht\/","title":{"rendered":"Es gibt noch Pl\u00e4tze! Erste Woche ausgebucht!!"},"content":{"rendered":"<p>Das war wieder mal rekordverd\u00e4chtig! Nach wenigen Tagen m\u00fcssen wir die erste Woche (05. &#8211; 12. August) f\u00fcr ausgebucht erkl\u00e4ren.<\/p>\n<p>Wir haben noch einige Pl\u00e4tze f\u00fcr zweiw\u00f6chige Anmeldungen reserviert.<\/p>\n<p>In der zweiten Woche (12. &#8211; 19. August) sind auch noch Pl\u00e4tze frei!<\/p>\n<p>Halten Sie sich ran!<\/p>\n","protected":false},"excerpt":{"rendered":"<p>Das war wieder mal rekordverd\u00e4chtig! Nach wenigen Tagen m\u00fcssen wir die erste Woche (05. &#8211; 12. August) f\u00fcr ausgebucht erkl\u00e4ren. Wir haben noch&hellip;<\/p>\n","protected":false},"author":3,"featured_media":0,"comment_status":"open","ping_status":"closed","sticky":false,"template":"","format":"standard","meta":{"ngg_post_thumbnail":0,"footnotes":""},"categories":[1],"tags":[],"class_list":["post-3098","post","type-post","status-publish","format-standard","hentry","category-buchsee-blog"],"_links":{"self":[{"href":"https:\/\/www.albverein-bergatreute.de\/zeltlager\/wp-json\/wp\/v2\/posts\/3098","targetHints":{"allow":["GET"]}}],"collection":[{"href":"https:\/\/www.albverein-bergatreute.de\/zeltlager\/wp-json\/wp\/v2\/posts"}],"about":[{"href":"https:\/\/www.albverein-bergatreute.de\/zeltlager\/wp-json\/wp\/v2\/types\/post"}],"author":[{"embeddable":true,"href":"https:\/\/www.albverein-bergatreute.de\/zeltlager\/wp-json\/wp\/v2\/users\/3"}],"replies":[{"embeddable":true,"href":"https:\/\/www.albverein-bergatreute.de\/zeltlager\/wp-json\/wp\/v2\/comments?post=3098"}],"version-history":[{"count":2,"href":"https:\/\/www.albverein-bergatreute.de\/zeltlager\/wp-json\/wp\/v2\/posts\/3098\/revisions"}],"predecessor-version":[{"id":3108,"href":"https:\/\/www.albverein-bergatreute.de\/zeltlager\/wp-json\/wp\/v2\/posts\/3098\/revisions\/3108"}],"wp:attachment":[{"href":"https:\/\/www.albverein-bergatreute.de\/zeltlager\/wp-json\/wp\/v2\/media?parent=3098"}],"wp:term":[{"taxonomy":"category","embeddable":true,"href":"https:\/\/www.albverein-bergatreute.de\/zeltlager\/wp-json\/wp\/v2\/categories?post=3098"},{"taxonomy":"post_tag","embeddable":true,"href":"https:\/\/www.albverein-bergatreute.de\/zeltlager\/wp-json\/wp\/v2\/tags?post=3098"}],"curies":[{"name":"wp","href":"https:\/\/api.w.org\/{rel}","templated":true}]}}