{"id":3174,"date":"2016-08-06T10:17:34","date_gmt":"2016-08-06T08:17:34","guid":{"rendered":"http:\/\/www.albverein-bergatreute.de\/zeltlager\/?p=3174"},"modified":"2016-08-06T10:22:05","modified_gmt":"2016-08-06T08:22:05","slug":"guten-morgen-das-zeltlager-ist-erwacht","status":"publish","type":"post","link":"https:\/\/www.albverein-bergatreute.de\/zeltlager\/2016\/08\/06\/guten-morgen-das-zeltlager-ist-erwacht\/","title":{"rendered":"Guten Morgen! Das Zeltlager ist erwacht"},"content":{"rendered":"<p>Wir haben ein Geburtstagskind. Beim Fr\u00fchst\u00fcck haben wir schon sch\u00f6n gesungen und ein Geschenk \u00fcberreicht!<\/p>\n<p>Jetzt laufen die Zeltaktionen. Dabei machen die Zeltgemeinschaften irgendwelche gemeinsame Kennenlernspiele. Heute Nachmittag ist dann Schnitzeljagd und heute Abend Nachtwanderung!<\/p>\n<p>Da geht was!<\/p>\n<p>Bilder folgen<\/p>\n<p><a href=\"http:\/\/www.albverein-bergatreute.de\/zeltlager\/wp-content\/uploads\/sites\/7\/2016\/08\/IMG_0819.jpg\"><img loading=\"lazy\" decoding=\"async\" class=\"alignleft size-medium wp-image-3176\" src=\"http:\/\/www.albverein-bergatreute.de\/zeltlager\/wp-content\/uploads\/sites\/7\/2016\/08\/IMG_0819-300x225.jpg\" alt=\"IMG_0819\" width=\"300\" height=\"225\" srcset=\"https:\/\/www.albverein-bergatreute.de\/zeltlager\/wp-content\/uploads\/sites\/7\/2016\/08\/IMG_0819-300x225.jpg 300w, https:\/\/www.albverein-bergatreute.de\/zeltlager\/wp-content\/uploads\/sites\/7\/2016\/08\/IMG_0819-768x576.jpg 768w, https:\/\/www.albverein-bergatreute.de\/zeltlager\/wp-content\/uploads\/sites\/7\/2016\/08\/IMG_0819-1024x768.jpg 1024w\" sizes=\"auto, (max-width: 300px) 100vw, 300px\" \/><\/a><\/p>\n","protected":false},"excerpt":{"rendered":"<p>Wir haben ein Geburtstagskind. Beim Fr\u00fchst\u00fcck haben wir schon sch\u00f6n gesungen und ein Geschenk \u00fcberreicht! Jetzt laufen die Zeltaktionen. Dabei machen die Zeltgemeinschaften&hellip;<\/p>\n","protected":false},"author":3,"featured_media":0,"comment_status":"open","ping_status":"closed","sticky":false,"template":"","format":"standard","meta":{"ngg_post_thumbnail":0,"footnotes":""},"categories":[1],"tags":[],"class_list":["post-3174","post","type-post","status-publish","format-standard","hentry","category-buchsee-blog"],"_links":{"self":[{"href":"https:\/\/www.albverein-bergatreute.de\/zeltlager\/wp-json\/wp\/v2\/posts\/3174","targetHints":{"allow":["GET"]}}],"collection":[{"href":"https:\/\/www.albverein-bergatreute.de\/zeltlager\/wp-json\/wp\/v2\/posts"}],"about":[{"href":"https:\/\/www.albverein-bergatreute.de\/zeltlager\/wp-json\/wp\/v2\/types\/post"}],"author":[{"embeddable":true,"href":"https:\/\/www.albverein-bergatreute.de\/zeltlager\/wp-json\/wp\/v2\/users\/3"}],"replies":[{"embeddable":true,"href":"https:\/\/www.albverein-bergatreute.de\/zeltlager\/wp-json\/wp\/v2\/comments?post=3174"}],"version-history":[{"count":2,"href":"https:\/\/www.albverein-bergatreute.de\/zeltlager\/wp-json\/wp\/v2\/posts\/3174\/revisions"}],"predecessor-version":[{"id":3177,"href":"https:\/\/www.albverein-bergatreute.de\/zeltlager\/wp-json\/wp\/v2\/posts\/3174\/revisions\/3177"}],"wp:attachment":[{"href":"https:\/\/www.albverein-bergatreute.de\/zeltlager\/wp-json\/wp\/v2\/media?parent=3174"}],"wp:term":[{"taxonomy":"category","embeddable":true,"href":"https:\/\/www.albverein-bergatreute.de\/zeltlager\/wp-json\/wp\/v2\/categories?post=3174"},{"taxonomy":"post_tag","embeddable":true,"href":"https:\/\/www.albverein-bergatreute.de\/zeltlager\/wp-json\/wp\/v2\/tags?post=3174"}],"curies":[{"name":"wp","href":"https:\/\/api.w.org\/{rel}","templated":true}]}}