{"id":5902,"date":"2017-08-04T19:51:00","date_gmt":"2017-08-04T17:51:00","guid":{"rendered":"http:\/\/www.albverein-bergatreute.de\/zeltlager\/?p=5902"},"modified":"2017-08-04T19:51:00","modified_gmt":"2017-08-04T17:51:00","slug":"ankunft-und-anmeldung-hat-geklappt","status":"publish","type":"post","link":"https:\/\/www.albverein-bergatreute.de\/zeltlager\/2017\/08\/04\/ankunft-und-anmeldung-hat-geklappt\/","title":{"rendered":"Ankunft und Anmeldung hat geklappt"},"content":{"rendered":"<p>Alles problemlos gewesen. Ist immer schon eine Anspannung! Viele Kinder wollen ins Zeltlager, also sind die Zelte voll. W\u00e4re fatal, wenn jemand keinen Platz h\u00e4tte oder wir einen Zusammenlegungswunsch nicht ber\u00fccksichtigt h\u00e4tten! Aber alles hat perfekt geklappt!<\/p>\n","protected":false},"excerpt":{"rendered":"<p>Alles problemlos gewesen. Ist immer schon eine Anspannung! Viele Kinder wollen ins Zeltlager, also sind die Zelte voll. W\u00e4re fatal, wenn jemand keinen&hellip;<\/p>\n","protected":false},"author":3,"featured_media":0,"comment_status":"open","ping_status":"closed","sticky":false,"template":"","format":"standard","meta":{"ngg_post_thumbnail":0,"footnotes":""},"categories":[1],"tags":[],"class_list":["post-5902","post","type-post","status-publish","format-standard","hentry","category-buchsee-blog"],"_links":{"self":[{"href":"https:\/\/www.albverein-bergatreute.de\/zeltlager\/wp-json\/wp\/v2\/posts\/5902","targetHints":{"allow":["GET"]}}],"collection":[{"href":"https:\/\/www.albverein-bergatreute.de\/zeltlager\/wp-json\/wp\/v2\/posts"}],"about":[{"href":"https:\/\/www.albverein-bergatreute.de\/zeltlager\/wp-json\/wp\/v2\/types\/post"}],"author":[{"embeddable":true,"href":"https:\/\/www.albverein-bergatreute.de\/zeltlager\/wp-json\/wp\/v2\/users\/3"}],"replies":[{"embeddable":true,"href":"https:\/\/www.albverein-bergatreute.de\/zeltlager\/wp-json\/wp\/v2\/comments?post=5902"}],"version-history":[{"count":1,"href":"https:\/\/www.albverein-bergatreute.de\/zeltlager\/wp-json\/wp\/v2\/posts\/5902\/revisions"}],"predecessor-version":[{"id":5903,"href":"https:\/\/www.albverein-bergatreute.de\/zeltlager\/wp-json\/wp\/v2\/posts\/5902\/revisions\/5903"}],"wp:attachment":[{"href":"https:\/\/www.albverein-bergatreute.de\/zeltlager\/wp-json\/wp\/v2\/media?parent=5902"}],"wp:term":[{"taxonomy":"category","embeddable":true,"href":"https:\/\/www.albverein-bergatreute.de\/zeltlager\/wp-json\/wp\/v2\/categories?post=5902"},{"taxonomy":"post_tag","embeddable":true,"href":"https:\/\/www.albverein-bergatreute.de\/zeltlager\/wp-json\/wp\/v2\/tags?post=5902"}],"curies":[{"name":"wp","href":"https:\/\/api.w.org\/{rel}","templated":true}]}}