{"id":5916,"date":"2017-08-05T10:08:58","date_gmt":"2017-08-05T08:08:58","guid":{"rendered":"http:\/\/www.albverein-bergatreute.de\/zeltlager\/?p=5916"},"modified":"2017-08-05T10:08:58","modified_gmt":"2017-08-05T08:08:58","slug":"zeltaktionen","status":"publish","type":"post","link":"https:\/\/www.albverein-bergatreute.de\/zeltlager\/2017\/08\/05\/zeltaktionen\/","title":{"rendered":"Zeltaktionen"},"content":{"rendered":"<p>Der Begr\u00fc\u00dfungsabend ist gut gelaufen! Scheint ein harmonisches Zeltlager zu werden. Die erste Nacht ist nat\u00fcrlich trotzdem stressig.<\/p>\n<p>Heute Morgen werden sogenannte Zeltaktionen gemacht. Das bedeutet, die Zeltgemeinschaften machen mit den dazugeh\u00f6rigen Betreuer irgendwelche Spiele, um sich kennenzulernen.<\/p>\n<p>Gleichzeitig wird dabei von jedem Zelt ein Abgeordneter bestimmt, der dann ins Zeltlagerparlament entsandt wird. Hier k\u00f6nnen die Abgeordneten die Interessen der Teilnehmer vertreten und Demokratie \u00fcben!<\/p>\n","protected":false},"excerpt":{"rendered":"<p>Der Begr\u00fc\u00dfungsabend ist gut gelaufen! Scheint ein harmonisches Zeltlager zu werden. Die erste Nacht ist nat\u00fcrlich trotzdem stressig. Heute Morgen werden sogenannte Zeltaktionen&hellip;<\/p>\n","protected":false},"author":3,"featured_media":0,"comment_status":"open","ping_status":"closed","sticky":false,"template":"","format":"standard","meta":{"ngg_post_thumbnail":0,"footnotes":""},"categories":[1],"tags":[],"class_list":["post-5916","post","type-post","status-publish","format-standard","hentry","category-buchsee-blog"],"_links":{"self":[{"href":"https:\/\/www.albverein-bergatreute.de\/zeltlager\/wp-json\/wp\/v2\/posts\/5916","targetHints":{"allow":["GET"]}}],"collection":[{"href":"https:\/\/www.albverein-bergatreute.de\/zeltlager\/wp-json\/wp\/v2\/posts"}],"about":[{"href":"https:\/\/www.albverein-bergatreute.de\/zeltlager\/wp-json\/wp\/v2\/types\/post"}],"author":[{"embeddable":true,"href":"https:\/\/www.albverein-bergatreute.de\/zeltlager\/wp-json\/wp\/v2\/users\/3"}],"replies":[{"embeddable":true,"href":"https:\/\/www.albverein-bergatreute.de\/zeltlager\/wp-json\/wp\/v2\/comments?post=5916"}],"version-history":[{"count":1,"href":"https:\/\/www.albverein-bergatreute.de\/zeltlager\/wp-json\/wp\/v2\/posts\/5916\/revisions"}],"predecessor-version":[{"id":5917,"href":"https:\/\/www.albverein-bergatreute.de\/zeltlager\/wp-json\/wp\/v2\/posts\/5916\/revisions\/5917"}],"wp:attachment":[{"href":"https:\/\/www.albverein-bergatreute.de\/zeltlager\/wp-json\/wp\/v2\/media?parent=5916"}],"wp:term":[{"taxonomy":"category","embeddable":true,"href":"https:\/\/www.albverein-bergatreute.de\/zeltlager\/wp-json\/wp\/v2\/categories?post=5916"},{"taxonomy":"post_tag","embeddable":true,"href":"https:\/\/www.albverein-bergatreute.de\/zeltlager\/wp-json\/wp\/v2\/tags?post=5916"}],"curies":[{"name":"wp","href":"https:\/\/api.w.org\/{rel}","templated":true}]}}