{"id":6865,"date":"2018-08-01T19:31:50","date_gmt":"2018-08-01T17:31:50","guid":{"rendered":"http:\/\/www.albverein-bergatreute.de\/zeltlager\/?p=6865"},"modified":"2018-08-01T19:31:50","modified_gmt":"2018-08-01T17:31:50","slug":"der-feierabend-naht","status":"publish","type":"post","link":"https:\/\/www.albverein-bergatreute.de\/zeltlager\/2018\/08\/01\/der-feierabend-naht\/","title":{"rendered":"Der Feierabend naht"},"content":{"rendered":"<p>Es war wieder harte Arbeit bei gro\u00dfer Hitze. Jetzt gegen Abend, so um halbachte machen wir langsam Feierabend. Heute wird der Feierabend zum Feuerabend. Das Feuer brennt und wir haben vor zu grillen. Jetzt frischt der Wind aber gerade heftig auf. Schaun wie mal, obs klappt. Wir sind inzwischen 25 Personen und hauen aufbaum\u00e4\u00dfig rein was geht. Ok, essensm\u00e4\u00dfig hauen wir auch rein, mal sehn, ob das Wetter es zul\u00e4sst, dass wir die W\u00fcrste grillen, sonst essen wir sie halt kalt&#8230;&#8230;&#8230;.<\/p>\n<p>&nbsp;<\/p>\n","protected":false},"excerpt":{"rendered":"<p>Es war wieder harte Arbeit bei gro\u00dfer Hitze. Jetzt gegen Abend, so um halbachte machen wir langsam Feierabend. Heute wird der Feierabend zum&hellip;<\/p>\n","protected":false},"author":3,"featured_media":0,"comment_status":"open","ping_status":"closed","sticky":false,"template":"","format":"standard","meta":{"ngg_post_thumbnail":0,"footnotes":""},"categories":[1],"tags":[],"class_list":["post-6865","post","type-post","status-publish","format-standard","hentry","category-buchsee-blog"],"_links":{"self":[{"href":"https:\/\/www.albverein-bergatreute.de\/zeltlager\/wp-json\/wp\/v2\/posts\/6865","targetHints":{"allow":["GET"]}}],"collection":[{"href":"https:\/\/www.albverein-bergatreute.de\/zeltlager\/wp-json\/wp\/v2\/posts"}],"about":[{"href":"https:\/\/www.albverein-bergatreute.de\/zeltlager\/wp-json\/wp\/v2\/types\/post"}],"author":[{"embeddable":true,"href":"https:\/\/www.albverein-bergatreute.de\/zeltlager\/wp-json\/wp\/v2\/users\/3"}],"replies":[{"embeddable":true,"href":"https:\/\/www.albverein-bergatreute.de\/zeltlager\/wp-json\/wp\/v2\/comments?post=6865"}],"version-history":[{"count":1,"href":"https:\/\/www.albverein-bergatreute.de\/zeltlager\/wp-json\/wp\/v2\/posts\/6865\/revisions"}],"predecessor-version":[{"id":6866,"href":"https:\/\/www.albverein-bergatreute.de\/zeltlager\/wp-json\/wp\/v2\/posts\/6865\/revisions\/6866"}],"wp:attachment":[{"href":"https:\/\/www.albverein-bergatreute.de\/zeltlager\/wp-json\/wp\/v2\/media?parent=6865"}],"wp:term":[{"taxonomy":"category","embeddable":true,"href":"https:\/\/www.albverein-bergatreute.de\/zeltlager\/wp-json\/wp\/v2\/categories?post=6865"},{"taxonomy":"post_tag","embeddable":true,"href":"https:\/\/www.albverein-bergatreute.de\/zeltlager\/wp-json\/wp\/v2\/tags?post=6865"}],"curies":[{"name":"wp","href":"https:\/\/api.w.org\/{rel}","templated":true}]}}