{"id":6933,"date":"2018-08-03T17:06:05","date_gmt":"2018-08-03T15:06:05","guid":{"rendered":"http:\/\/www.albverein-bergatreute.de\/zeltlager\/?p=6933"},"modified":"2018-08-03T17:06:05","modified_gmt":"2018-08-03T15:06:05","slug":"alle-kinder-sind-da","status":"publish","type":"post","link":"https:\/\/www.albverein-bergatreute.de\/zeltlager\/2018\/08\/03\/alle-kinder-sind-da\/","title":{"rendered":"Alle Kinder sind da!"},"content":{"rendered":"<p>Ein Kind kommt morgen, die anderen 78 sind alle da. Alle waren auf der Liste und alle haben ihren Platz in einem Zelt gefunden. Wir sind da gut vorbereitet und arbeiten einen peniblen Belegungsplan aus. Zum einen sind die Zusammenlegungsw\u00fcnsche zu ber\u00fccksichtigen. Zum anderen legen wir die Kinder nach dem Alter zusammen und nach dem Geschlecht getrennt. Als drittes versuchen wir, die Zelte m\u00f6glichst alle gleich voll zu machen. Da ist einiges zu ber\u00fccksichtigen. Wir sind dann heilfroh, wenn wir alles so organisieren konnten, dass alle zufrieden sind. Jetzt kommt schon bald das Abendessen und dann werden den Kindern die Legerregeln erkl\u00e4rt. Es gibt kein Jahr, in dem wir nicht ein kleines St\u00fcck der Lagerregeln \u00e4ndern. Die sind uns n\u00e4mlich sehr wichtig und wir sind da st\u00e4ndig am Optimieren.<\/p>\n","protected":false},"excerpt":{"rendered":"<p>Ein Kind kommt morgen, die anderen 78 sind alle da. Alle waren auf der Liste und alle haben ihren Platz in einem Zelt&hellip;<\/p>\n","protected":false},"author":3,"featured_media":0,"comment_status":"open","ping_status":"closed","sticky":false,"template":"","format":"standard","meta":{"ngg_post_thumbnail":0,"footnotes":""},"categories":[1],"tags":[],"class_list":["post-6933","post","type-post","status-publish","format-standard","hentry","category-buchsee-blog"],"_links":{"self":[{"href":"https:\/\/www.albverein-bergatreute.de\/zeltlager\/wp-json\/wp\/v2\/posts\/6933","targetHints":{"allow":["GET"]}}],"collection":[{"href":"https:\/\/www.albverein-bergatreute.de\/zeltlager\/wp-json\/wp\/v2\/posts"}],"about":[{"href":"https:\/\/www.albverein-bergatreute.de\/zeltlager\/wp-json\/wp\/v2\/types\/post"}],"author":[{"embeddable":true,"href":"https:\/\/www.albverein-bergatreute.de\/zeltlager\/wp-json\/wp\/v2\/users\/3"}],"replies":[{"embeddable":true,"href":"https:\/\/www.albverein-bergatreute.de\/zeltlager\/wp-json\/wp\/v2\/comments?post=6933"}],"version-history":[{"count":1,"href":"https:\/\/www.albverein-bergatreute.de\/zeltlager\/wp-json\/wp\/v2\/posts\/6933\/revisions"}],"predecessor-version":[{"id":6934,"href":"https:\/\/www.albverein-bergatreute.de\/zeltlager\/wp-json\/wp\/v2\/posts\/6933\/revisions\/6934"}],"wp:attachment":[{"href":"https:\/\/www.albverein-bergatreute.de\/zeltlager\/wp-json\/wp\/v2\/media?parent=6933"}],"wp:term":[{"taxonomy":"category","embeddable":true,"href":"https:\/\/www.albverein-bergatreute.de\/zeltlager\/wp-json\/wp\/v2\/categories?post=6933"},{"taxonomy":"post_tag","embeddable":true,"href":"https:\/\/www.albverein-bergatreute.de\/zeltlager\/wp-json\/wp\/v2\/tags?post=6933"}],"curies":[{"name":"wp","href":"https:\/\/api.w.org\/{rel}","templated":true}]}}