{"id":6966,"date":"2018-08-04T08:44:14","date_gmt":"2018-08-04T06:44:14","guid":{"rendered":"http:\/\/www.albverein-bergatreute.de\/zeltlager\/?p=6966"},"modified":"2018-08-04T08:45:21","modified_gmt":"2018-08-04T06:45:21","slug":"erste-nacht-ueberstanden","status":"publish","type":"post","link":"https:\/\/www.albverein-bergatreute.de\/zeltlager\/2018\/08\/04\/erste-nacht-ueberstanden\/","title":{"rendered":"Erste Nacht \u00fcberstanden"},"content":{"rendered":"<p>War schon aufregend, die erste Nacht! Und so richtig viel geschlafen hat wohl niemand! Trotzdem waren beim Fr\u00fchst\u00fcck alle putzmunter und haben kr\u00e4ftig zugelangt. Kein Wunder bei der Auswahl: Kakao, Milch, Zitronentee, Waldfr\u00fcchtetee, Kaffee, Zopfbrot &#8211; mit und ohne Rosinen, Schwarzbrot, Butter, im Zeltlager hergestellte Marmelade, Nuss-Nougat-Creme, Honig, Wurst und K\u00e4se, an bestimmten Tagen M\u00fcsli und Fruchts\u00e4fte.<\/p>\n<p>Halt wie zu Hause \ud83d\ude09<\/p>\n<p>Nach dem Fr\u00fchst\u00fcck tagt das Parlament. Und dann stehen Zeltaktionen auf dem Programm. Das bedeutet, die Betreuer machen mit ihren Kindern Kennenlernspiele oder gemeinsame Aktionen<\/p>\n","protected":false},"excerpt":{"rendered":"<p>War schon aufregend, die erste Nacht! Und so richtig viel geschlafen hat wohl niemand! Trotzdem waren beim Fr\u00fchst\u00fcck alle putzmunter und haben kr\u00e4ftig&hellip;<\/p>\n","protected":false},"author":3,"featured_media":0,"comment_status":"open","ping_status":"closed","sticky":false,"template":"","format":"standard","meta":{"ngg_post_thumbnail":0,"footnotes":""},"categories":[1],"tags":[],"class_list":["post-6966","post","type-post","status-publish","format-standard","hentry","category-buchsee-blog"],"_links":{"self":[{"href":"https:\/\/www.albverein-bergatreute.de\/zeltlager\/wp-json\/wp\/v2\/posts\/6966","targetHints":{"allow":["GET"]}}],"collection":[{"href":"https:\/\/www.albverein-bergatreute.de\/zeltlager\/wp-json\/wp\/v2\/posts"}],"about":[{"href":"https:\/\/www.albverein-bergatreute.de\/zeltlager\/wp-json\/wp\/v2\/types\/post"}],"author":[{"embeddable":true,"href":"https:\/\/www.albverein-bergatreute.de\/zeltlager\/wp-json\/wp\/v2\/users\/3"}],"replies":[{"embeddable":true,"href":"https:\/\/www.albverein-bergatreute.de\/zeltlager\/wp-json\/wp\/v2\/comments?post=6966"}],"version-history":[{"count":2,"href":"https:\/\/www.albverein-bergatreute.de\/zeltlager\/wp-json\/wp\/v2\/posts\/6966\/revisions"}],"predecessor-version":[{"id":6968,"href":"https:\/\/www.albverein-bergatreute.de\/zeltlager\/wp-json\/wp\/v2\/posts\/6966\/revisions\/6968"}],"wp:attachment":[{"href":"https:\/\/www.albverein-bergatreute.de\/zeltlager\/wp-json\/wp\/v2\/media?parent=6966"}],"wp:term":[{"taxonomy":"category","embeddable":true,"href":"https:\/\/www.albverein-bergatreute.de\/zeltlager\/wp-json\/wp\/v2\/categories?post=6966"},{"taxonomy":"post_tag","embeddable":true,"href":"https:\/\/www.albverein-bergatreute.de\/zeltlager\/wp-json\/wp\/v2\/tags?post=6966"}],"curies":[{"name":"wp","href":"https:\/\/api.w.org\/{rel}","templated":true}]}}