{"id":6969,"date":"2018-08-04T10:49:50","date_gmt":"2018-08-04T08:49:50","guid":{"rendered":"http:\/\/www.albverein-bergatreute.de\/zeltlager\/?p=6969"},"modified":"2018-08-04T10:51:24","modified_gmt":"2018-08-04T08:51:24","slug":"begruesseungsabend","status":"publish","type":"post","link":"https:\/\/www.albverein-bergatreute.de\/zeltlager\/2018\/08\/04\/begruesseungsabend\/","title":{"rendered":"Begr\u00fc\u00dfungsabend"},"content":{"rendered":"<p>Gestern Abend war Begr\u00fc\u00dfungsabend mit Lagerfeuer. Alle Kinder hatten die M\u00f6glichkeit, sich vorzustellen. Auch alle Betreuer wurden vorgestellt, man sollte sich ja kennen&#8230;<\/p>\n<p><a href=\"http:\/\/www.albverein-bergatreute.de\/zeltlager\/wp-content\/uploads\/sites\/7\/2018\/08\/IMG_0050.jpg\"><img loading=\"lazy\" decoding=\"async\" class=\"alignleft size-medium wp-image-6970\" src=\"http:\/\/www.albverein-bergatreute.de\/zeltlager\/wp-content\/uploads\/sites\/7\/2018\/08\/IMG_0050-300x200.jpg\" alt=\"\" width=\"300\" height=\"200\" srcset=\"https:\/\/www.albverein-bergatreute.de\/zeltlager\/wp-content\/uploads\/sites\/7\/2018\/08\/IMG_0050-300x200.jpg 300w, https:\/\/www.albverein-bergatreute.de\/zeltlager\/wp-content\/uploads\/sites\/7\/2018\/08\/IMG_0050-768x512.jpg 768w, https:\/\/www.albverein-bergatreute.de\/zeltlager\/wp-content\/uploads\/sites\/7\/2018\/08\/IMG_0050-1024x683.jpg 1024w\" sizes=\"auto, (max-width: 300px) 100vw, 300px\" \/><\/a> <a href=\"http:\/\/www.albverein-bergatreute.de\/zeltlager\/wp-content\/uploads\/sites\/7\/2018\/08\/IMG_0052.jpg\"><img loading=\"lazy\" decoding=\"async\" class=\"alignleft size-medium wp-image-6971\" src=\"http:\/\/www.albverein-bergatreute.de\/zeltlager\/wp-content\/uploads\/sites\/7\/2018\/08\/IMG_0052-300x200.jpg\" alt=\"\" width=\"300\" height=\"200\" srcset=\"https:\/\/www.albverein-bergatreute.de\/zeltlager\/wp-content\/uploads\/sites\/7\/2018\/08\/IMG_0052-300x200.jpg 300w, https:\/\/www.albverein-bergatreute.de\/zeltlager\/wp-content\/uploads\/sites\/7\/2018\/08\/IMG_0052-768x512.jpg 768w, https:\/\/www.albverein-bergatreute.de\/zeltlager\/wp-content\/uploads\/sites\/7\/2018\/08\/IMG_0052-1024x683.jpg 1024w\" sizes=\"auto, (max-width: 300px) 100vw, 300px\" \/><\/a> <a href=\"http:\/\/www.albverein-bergatreute.de\/zeltlager\/wp-content\/uploads\/sites\/7\/2018\/08\/IMG_0053.jpg\"><img loading=\"lazy\" decoding=\"async\" class=\"alignleft size-medium wp-image-6972\" src=\"http:\/\/www.albverein-bergatreute.de\/zeltlager\/wp-content\/uploads\/sites\/7\/2018\/08\/IMG_0053-300x200.jpg\" alt=\"\" width=\"300\" height=\"200\" srcset=\"https:\/\/www.albverein-bergatreute.de\/zeltlager\/wp-content\/uploads\/sites\/7\/2018\/08\/IMG_0053-300x200.jpg 300w, https:\/\/www.albverein-bergatreute.de\/zeltlager\/wp-content\/uploads\/sites\/7\/2018\/08\/IMG_0053-768x512.jpg 768w, https:\/\/www.albverein-bergatreute.de\/zeltlager\/wp-content\/uploads\/sites\/7\/2018\/08\/IMG_0053-1024x683.jpg 1024w\" sizes=\"auto, (max-width: 300px) 100vw, 300px\" \/><\/a> <a href=\"http:\/\/www.albverein-bergatreute.de\/zeltlager\/wp-content\/uploads\/sites\/7\/2018\/08\/IMG_0047.jpg\"><img loading=\"lazy\" decoding=\"async\" class=\"alignleft size-medium wp-image-6973\" src=\"http:\/\/www.albverein-bergatreute.de\/zeltlager\/wp-content\/uploads\/sites\/7\/2018\/08\/IMG_0047-300x200.jpg\" alt=\"\" width=\"300\" height=\"200\" srcset=\"https:\/\/www.albverein-bergatreute.de\/zeltlager\/wp-content\/uploads\/sites\/7\/2018\/08\/IMG_0047-300x200.jpg 300w, https:\/\/www.albverein-bergatreute.de\/zeltlager\/wp-content\/uploads\/sites\/7\/2018\/08\/IMG_0047-768x512.jpg 768w, https:\/\/www.albverein-bergatreute.de\/zeltlager\/wp-content\/uploads\/sites\/7\/2018\/08\/IMG_0047-1024x683.jpg 1024w\" sizes=\"auto, (max-width: 300px) 100vw, 300px\" \/><\/a><\/p>\n","protected":false},"excerpt":{"rendered":"<p>Gestern Abend war Begr\u00fc\u00dfungsabend mit Lagerfeuer. Alle Kinder hatten die M\u00f6glichkeit, sich vorzustellen. Auch alle Betreuer wurden vorgestellt, man sollte sich ja kennen&#8230;<\/p>\n","protected":false},"author":3,"featured_media":0,"comment_status":"open","ping_status":"closed","sticky":false,"template":"","format":"standard","meta":{"ngg_post_thumbnail":0,"footnotes":""},"categories":[1],"tags":[],"class_list":["post-6969","post","type-post","status-publish","format-standard","hentry","category-buchsee-blog"],"_links":{"self":[{"href":"https:\/\/www.albverein-bergatreute.de\/zeltlager\/wp-json\/wp\/v2\/posts\/6969","targetHints":{"allow":["GET"]}}],"collection":[{"href":"https:\/\/www.albverein-bergatreute.de\/zeltlager\/wp-json\/wp\/v2\/posts"}],"about":[{"href":"https:\/\/www.albverein-bergatreute.de\/zeltlager\/wp-json\/wp\/v2\/types\/post"}],"author":[{"embeddable":true,"href":"https:\/\/www.albverein-bergatreute.de\/zeltlager\/wp-json\/wp\/v2\/users\/3"}],"replies":[{"embeddable":true,"href":"https:\/\/www.albverein-bergatreute.de\/zeltlager\/wp-json\/wp\/v2\/comments?post=6969"}],"version-history":[{"count":2,"href":"https:\/\/www.albverein-bergatreute.de\/zeltlager\/wp-json\/wp\/v2\/posts\/6969\/revisions"}],"predecessor-version":[{"id":6975,"href":"https:\/\/www.albverein-bergatreute.de\/zeltlager\/wp-json\/wp\/v2\/posts\/6969\/revisions\/6975"}],"wp:attachment":[{"href":"https:\/\/www.albverein-bergatreute.de\/zeltlager\/wp-json\/wp\/v2\/media?parent=6969"}],"wp:term":[{"taxonomy":"category","embeddable":true,"href":"https:\/\/www.albverein-bergatreute.de\/zeltlager\/wp-json\/wp\/v2\/categories?post=6969"},{"taxonomy":"post_tag","embeddable":true,"href":"https:\/\/www.albverein-bergatreute.de\/zeltlager\/wp-json\/wp\/v2\/tags?post=6969"}],"curies":[{"name":"wp","href":"https:\/\/api.w.org\/{rel}","templated":true}]}}