{"id":7090,"date":"2018-08-06T08:29:37","date_gmt":"2018-08-06T06:29:37","guid":{"rendered":"http:\/\/www.albverein-bergatreute.de\/zeltlager\/?p=7090"},"modified":"2018-08-06T08:29:37","modified_gmt":"2018-08-06T06:29:37","slug":"lagerfeuer-2","status":"publish","type":"post","link":"https:\/\/www.albverein-bergatreute.de\/zeltlager\/2018\/08\/06\/lagerfeuer-2\/","title":{"rendered":"Lagerfeuer"},"content":{"rendered":"<p>Gestern hatten wir einen wunderbaren Lagerfeuerabend. Es gab Preise f\u00fcr die Gewinner der Schnitzeljagd und f\u00fcr die Sieger der Quizwanderung. Es wurde viel gesungen und auch ein bisschen gegr\u00f6lt. Bei sch\u00f6nstem Wetter konnte man in kurzen Hosen am Feuer sitzen, einfach herrlich.<\/p>\n","protected":false},"excerpt":{"rendered":"<p>Gestern hatten wir einen wunderbaren Lagerfeuerabend. Es gab Preise f\u00fcr die Gewinner der Schnitzeljagd und f\u00fcr die Sieger der Quizwanderung. Es wurde viel&hellip;<\/p>\n","protected":false},"author":3,"featured_media":0,"comment_status":"open","ping_status":"closed","sticky":false,"template":"","format":"standard","meta":{"ngg_post_thumbnail":0,"footnotes":""},"categories":[1],"tags":[],"class_list":["post-7090","post","type-post","status-publish","format-standard","hentry","category-buchsee-blog"],"_links":{"self":[{"href":"https:\/\/www.albverein-bergatreute.de\/zeltlager\/wp-json\/wp\/v2\/posts\/7090","targetHints":{"allow":["GET"]}}],"collection":[{"href":"https:\/\/www.albverein-bergatreute.de\/zeltlager\/wp-json\/wp\/v2\/posts"}],"about":[{"href":"https:\/\/www.albverein-bergatreute.de\/zeltlager\/wp-json\/wp\/v2\/types\/post"}],"author":[{"embeddable":true,"href":"https:\/\/www.albverein-bergatreute.de\/zeltlager\/wp-json\/wp\/v2\/users\/3"}],"replies":[{"embeddable":true,"href":"https:\/\/www.albverein-bergatreute.de\/zeltlager\/wp-json\/wp\/v2\/comments?post=7090"}],"version-history":[{"count":1,"href":"https:\/\/www.albverein-bergatreute.de\/zeltlager\/wp-json\/wp\/v2\/posts\/7090\/revisions"}],"predecessor-version":[{"id":7091,"href":"https:\/\/www.albverein-bergatreute.de\/zeltlager\/wp-json\/wp\/v2\/posts\/7090\/revisions\/7091"}],"wp:attachment":[{"href":"https:\/\/www.albverein-bergatreute.de\/zeltlager\/wp-json\/wp\/v2\/media?parent=7090"}],"wp:term":[{"taxonomy":"category","embeddable":true,"href":"https:\/\/www.albverein-bergatreute.de\/zeltlager\/wp-json\/wp\/v2\/categories?post=7090"},{"taxonomy":"post_tag","embeddable":true,"href":"https:\/\/www.albverein-bergatreute.de\/zeltlager\/wp-json\/wp\/v2\/tags?post=7090"}],"curies":[{"name":"wp","href":"https:\/\/api.w.org\/{rel}","templated":true}]}}