{"id":7092,"date":"2018-08-06T08:38:06","date_gmt":"2018-08-06T06:38:06","guid":{"rendered":"http:\/\/www.albverein-bergatreute.de\/zeltlager\/?p=7092"},"modified":"2018-08-06T09:06:36","modified_gmt":"2018-08-06T07:06:36","slug":"plan-fuer-heute","status":"publish","type":"post","link":"https:\/\/www.albverein-bergatreute.de\/zeltlager\/2018\/08\/06\/plan-fuer-heute\/","title":{"rendered":"Plan f\u00fcr heute"},"content":{"rendered":"<p>Es geht gleich weiter im Programm! Die Kinder haben trotzdem oft die Gelegenheit zu chillen, f\u00fcr uns Betreuer bleibt da weniger Zeit. Nachdem wir heute zwei Geburtstagskinder hochleben lassen, organisieren wir eine Wanderung zum Bibersee. erstmal k\u00f6nnen die Kinder ihre Badesachen in einen Transporter geben, damit sie unbeschwert die 3,5 km gehen k\u00f6nnen. Wenn sie dann nach einer Dreiviertelstunde ankommen, warten schon Getr\u00e4nke auf sie und dann gehts direkt ins k\u00fchle Nass! Der Bibersee ist ein herrlicher Badesee, nur gibt es dort keine Toilette! Dieses Problem haben wir auf unsere ganz eigene Art gel\u00f6st: Wir schnallen einfach ein Dixiklo auf einen Autoanh\u00e4nger und fertig ist unsere mobile Toilette!<\/p>\n<p>Nachmittags m\u00fcssen wir Betreuer dann schauen, dass wir zur\u00fcckkommen, denn wir m\u00fcssen das Sommerfest vorbereiten. Dazu sp\u00e4ter mehr!<\/p>\n","protected":false},"excerpt":{"rendered":"<p>Es geht gleich weiter im Programm! Die Kinder haben trotzdem oft die Gelegenheit zu chillen, f\u00fcr uns Betreuer bleibt da weniger Zeit. Nachdem&hellip;<\/p>\n","protected":false},"author":3,"featured_media":0,"comment_status":"open","ping_status":"closed","sticky":false,"template":"","format":"standard","meta":{"ngg_post_thumbnail":0,"footnotes":""},"categories":[1],"tags":[],"class_list":["post-7092","post","type-post","status-publish","format-standard","hentry","category-buchsee-blog"],"_links":{"self":[{"href":"https:\/\/www.albverein-bergatreute.de\/zeltlager\/wp-json\/wp\/v2\/posts\/7092","targetHints":{"allow":["GET"]}}],"collection":[{"href":"https:\/\/www.albverein-bergatreute.de\/zeltlager\/wp-json\/wp\/v2\/posts"}],"about":[{"href":"https:\/\/www.albverein-bergatreute.de\/zeltlager\/wp-json\/wp\/v2\/types\/post"}],"author":[{"embeddable":true,"href":"https:\/\/www.albverein-bergatreute.de\/zeltlager\/wp-json\/wp\/v2\/users\/3"}],"replies":[{"embeddable":true,"href":"https:\/\/www.albverein-bergatreute.de\/zeltlager\/wp-json\/wp\/v2\/comments?post=7092"}],"version-history":[{"count":2,"href":"https:\/\/www.albverein-bergatreute.de\/zeltlager\/wp-json\/wp\/v2\/posts\/7092\/revisions"}],"predecessor-version":[{"id":7094,"href":"https:\/\/www.albverein-bergatreute.de\/zeltlager\/wp-json\/wp\/v2\/posts\/7092\/revisions\/7094"}],"wp:attachment":[{"href":"https:\/\/www.albverein-bergatreute.de\/zeltlager\/wp-json\/wp\/v2\/media?parent=7092"}],"wp:term":[{"taxonomy":"category","embeddable":true,"href":"https:\/\/www.albverein-bergatreute.de\/zeltlager\/wp-json\/wp\/v2\/categories?post=7092"},{"taxonomy":"post_tag","embeddable":true,"href":"https:\/\/www.albverein-bergatreute.de\/zeltlager\/wp-json\/wp\/v2\/tags?post=7092"}],"curies":[{"name":"wp","href":"https:\/\/api.w.org\/{rel}","templated":true}]}}