{"id":7167,"date":"2018-08-07T19:32:04","date_gmt":"2018-08-07T17:32:04","guid":{"rendered":"http:\/\/www.albverein-bergatreute.de\/zeltlager\/?p=7167"},"modified":"2018-08-07T19:32:44","modified_gmt":"2018-08-07T17:32:44","slug":"nur-mal-so","status":"publish","type":"post","link":"https:\/\/www.albverein-bergatreute.de\/zeltlager\/2018\/08\/07\/nur-mal-so\/","title":{"rendered":"Nur mal so"},"content":{"rendered":"<p>Sollte ich mal schreiben oder geschrieben haben: &#8222;Die Wanderung ging am Stuhl vorbei, oder: &#8222;Wir trafen uns am Stuhl&#8220;. So ist nicht irgendein Stuhl gemeint, sondern dieser:<a href=\"http:\/\/www.albverein-bergatreute.de\/zeltlager\/wp-content\/uploads\/sites\/7\/2018\/08\/IMG_7446.jpg\"><img loading=\"lazy\" decoding=\"async\" class=\"alignleft size-medium wp-image-7169\" src=\"http:\/\/www.albverein-bergatreute.de\/zeltlager\/wp-content\/uploads\/sites\/7\/2018\/08\/IMG_7446-225x300.jpg\" alt=\"\" width=\"225\" height=\"300\" srcset=\"https:\/\/www.albverein-bergatreute.de\/zeltlager\/wp-content\/uploads\/sites\/7\/2018\/08\/IMG_7446-225x300.jpg 225w, https:\/\/www.albverein-bergatreute.de\/zeltlager\/wp-content\/uploads\/sites\/7\/2018\/08\/IMG_7446-768x1024.jpg 768w\" sizes=\"auto, (max-width: 225px) 100vw, 225px\" \/><\/a><\/p>\n<p>Neben dem Stuhl ist eine Schautafel, auf der man das<br \/>\nGr\u00f6\u00dfenverh\u00e4ltnis des Stuhls verwendet und damit versucht, die M\u00e4chtigkeit des eiszeitlichen Gletschers zu veranschaulichen.<\/p>\n","protected":false},"excerpt":{"rendered":"<p>Sollte ich mal schreiben oder geschrieben haben: &#8222;Die Wanderung ging am Stuhl vorbei, oder: &#8222;Wir trafen uns am Stuhl&#8220;. So ist nicht irgendein&hellip;<\/p>\n","protected":false},"author":3,"featured_media":0,"comment_status":"open","ping_status":"closed","sticky":false,"template":"","format":"standard","meta":{"ngg_post_thumbnail":0,"footnotes":""},"categories":[1],"tags":[],"class_list":["post-7167","post","type-post","status-publish","format-standard","hentry","category-buchsee-blog"],"_links":{"self":[{"href":"https:\/\/www.albverein-bergatreute.de\/zeltlager\/wp-json\/wp\/v2\/posts\/7167","targetHints":{"allow":["GET"]}}],"collection":[{"href":"https:\/\/www.albverein-bergatreute.de\/zeltlager\/wp-json\/wp\/v2\/posts"}],"about":[{"href":"https:\/\/www.albverein-bergatreute.de\/zeltlager\/wp-json\/wp\/v2\/types\/post"}],"author":[{"embeddable":true,"href":"https:\/\/www.albverein-bergatreute.de\/zeltlager\/wp-json\/wp\/v2\/users\/3"}],"replies":[{"embeddable":true,"href":"https:\/\/www.albverein-bergatreute.de\/zeltlager\/wp-json\/wp\/v2\/comments?post=7167"}],"version-history":[{"count":2,"href":"https:\/\/www.albverein-bergatreute.de\/zeltlager\/wp-json\/wp\/v2\/posts\/7167\/revisions"}],"predecessor-version":[{"id":7171,"href":"https:\/\/www.albverein-bergatreute.de\/zeltlager\/wp-json\/wp\/v2\/posts\/7167\/revisions\/7171"}],"wp:attachment":[{"href":"https:\/\/www.albverein-bergatreute.de\/zeltlager\/wp-json\/wp\/v2\/media?parent=7167"}],"wp:term":[{"taxonomy":"category","embeddable":true,"href":"https:\/\/www.albverein-bergatreute.de\/zeltlager\/wp-json\/wp\/v2\/categories?post=7167"},{"taxonomy":"post_tag","embeddable":true,"href":"https:\/\/www.albverein-bergatreute.de\/zeltlager\/wp-json\/wp\/v2\/tags?post=7167"}],"curies":[{"name":"wp","href":"https:\/\/api.w.org\/{rel}","templated":true}]}}