{"id":7172,"date":"2018-08-08T09:37:25","date_gmt":"2018-08-08T07:37:25","guid":{"rendered":"http:\/\/www.albverein-bergatreute.de\/zeltlager\/?p=7172"},"modified":"2018-08-08T09:37:25","modified_gmt":"2018-08-08T07:37:25","slug":"ein-ordentliches-gewitter","status":"publish","type":"post","link":"https:\/\/www.albverein-bergatreute.de\/zeltlager\/2018\/08\/08\/ein-ordentliches-gewitter\/","title":{"rendered":"Ein ordentliches Gewitter"},"content":{"rendered":"<p>Heute morgen wurden wir von einem Gewitter \u00fcberrascht. So um sieben Uhr gings richtig los mit Blitz und Donner und Regen! Der Donner war richtig heftig laut, so dass das Wecken der Kinder und auch der Betreuer unn\u00f6tig war. Es war aber keinerlei Sturm, deshalb konnten wir das Gewitter richtig genie\u00dfen! Teilweise war zwischen Blitz und Donner weniger als eine Sekunde. D. h., es hat und zentral erwischt. Aber au\u00dfer eine sch\u00f6nen Abk\u00fchlung und einer spannenden Unterhaltung war nicht los. Jetzt (halbzehn) ist schon fast alles vorbei!<\/p>\n","protected":false},"excerpt":{"rendered":"<p>Heute morgen wurden wir von einem Gewitter \u00fcberrascht. So um sieben Uhr gings richtig los mit Blitz und Donner und Regen! Der Donner&hellip;<\/p>\n","protected":false},"author":3,"featured_media":0,"comment_status":"open","ping_status":"closed","sticky":false,"template":"","format":"standard","meta":{"ngg_post_thumbnail":0,"footnotes":""},"categories":[1],"tags":[],"class_list":["post-7172","post","type-post","status-publish","format-standard","hentry","category-buchsee-blog"],"_links":{"self":[{"href":"https:\/\/www.albverein-bergatreute.de\/zeltlager\/wp-json\/wp\/v2\/posts\/7172","targetHints":{"allow":["GET"]}}],"collection":[{"href":"https:\/\/www.albverein-bergatreute.de\/zeltlager\/wp-json\/wp\/v2\/posts"}],"about":[{"href":"https:\/\/www.albverein-bergatreute.de\/zeltlager\/wp-json\/wp\/v2\/types\/post"}],"author":[{"embeddable":true,"href":"https:\/\/www.albverein-bergatreute.de\/zeltlager\/wp-json\/wp\/v2\/users\/3"}],"replies":[{"embeddable":true,"href":"https:\/\/www.albverein-bergatreute.de\/zeltlager\/wp-json\/wp\/v2\/comments?post=7172"}],"version-history":[{"count":1,"href":"https:\/\/www.albverein-bergatreute.de\/zeltlager\/wp-json\/wp\/v2\/posts\/7172\/revisions"}],"predecessor-version":[{"id":7173,"href":"https:\/\/www.albverein-bergatreute.de\/zeltlager\/wp-json\/wp\/v2\/posts\/7172\/revisions\/7173"}],"wp:attachment":[{"href":"https:\/\/www.albverein-bergatreute.de\/zeltlager\/wp-json\/wp\/v2\/media?parent=7172"}],"wp:term":[{"taxonomy":"category","embeddable":true,"href":"https:\/\/www.albverein-bergatreute.de\/zeltlager\/wp-json\/wp\/v2\/categories?post=7172"},{"taxonomy":"post_tag","embeddable":true,"href":"https:\/\/www.albverein-bergatreute.de\/zeltlager\/wp-json\/wp\/v2\/tags?post=7172"}],"curies":[{"name":"wp","href":"https:\/\/api.w.org\/{rel}","templated":true}]}}