{"id":7202,"date":"2018-08-08T14:57:07","date_gmt":"2018-08-08T12:57:07","guid":{"rendered":"http:\/\/www.albverein-bergatreute.de\/zeltlager\/?p=7202"},"modified":"2018-08-08T15:23:35","modified_gmt":"2018-08-08T13:23:35","slug":"einlauf-der-gladiatoren","status":"publish","type":"post","link":"https:\/\/www.albverein-bergatreute.de\/zeltlager\/2018\/08\/08\/einlauf-der-gladiatoren\/","title":{"rendered":"Einlauf der Gladiatoren"},"content":{"rendered":"<div id=\"attachment_7199\" style=\"width: 310px\" class=\"wp-caption alignleft\"><a href=\"http:\/\/www.albverein-bergatreute.de\/zeltlager\/wp-content\/uploads\/sites\/7\/2018\/08\/IMG_9444.jpg\"><img loading=\"lazy\" decoding=\"async\" aria-describedby=\"caption-attachment-7199\" class=\"size-medium wp-image-7199\" src=\"http:\/\/www.albverein-bergatreute.de\/zeltlager\/wp-content\/uploads\/sites\/7\/2018\/08\/IMG_9444-300x200.jpg\" alt=\"\" width=\"300\" height=\"200\" srcset=\"https:\/\/www.albverein-bergatreute.de\/zeltlager\/wp-content\/uploads\/sites\/7\/2018\/08\/IMG_9444-300x200.jpg 300w, https:\/\/www.albverein-bergatreute.de\/zeltlager\/wp-content\/uploads\/sites\/7\/2018\/08\/IMG_9444-768x512.jpg 768w, https:\/\/www.albverein-bergatreute.de\/zeltlager\/wp-content\/uploads\/sites\/7\/2018\/08\/IMG_9444-1024x683.jpg 1024w\" sizes=\"auto, (max-width: 300px) 100vw, 300px\" \/><\/a><p id=\"caption-attachment-7199\" class=\"wp-caption-text\">Knacki stellt sich im Elfmeterschie\u00dfen<\/p><\/div>\n<div id=\"attachment_7198\" style=\"width: 310px\" class=\"wp-caption alignleft\"><a href=\"http:\/\/www.albverein-bergatreute.de\/zeltlager\/wp-content\/uploads\/sites\/7\/2018\/08\/IMG_9445.jpg\"><img loading=\"lazy\" decoding=\"async\" aria-describedby=\"caption-attachment-7198\" class=\"size-medium wp-image-7198\" src=\"http:\/\/www.albverein-bergatreute.de\/zeltlager\/wp-content\/uploads\/sites\/7\/2018\/08\/IMG_9445-300x200.jpg\" alt=\"\" width=\"300\" height=\"200\" srcset=\"https:\/\/www.albverein-bergatreute.de\/zeltlager\/wp-content\/uploads\/sites\/7\/2018\/08\/IMG_9445-300x200.jpg 300w, https:\/\/www.albverein-bergatreute.de\/zeltlager\/wp-content\/uploads\/sites\/7\/2018\/08\/IMG_9445-768x512.jpg 768w, https:\/\/www.albverein-bergatreute.de\/zeltlager\/wp-content\/uploads\/sites\/7\/2018\/08\/IMG_9445-1024x683.jpg 1024w\" sizes=\"auto, (max-width: 300px) 100vw, 300px\" \/><\/a><p id=\"caption-attachment-7198\" class=\"wp-caption-text\">Schmon hat die schwere Aufgabe, Memory zu spielen!<\/p><\/div>\n<p>&nbsp;<\/p>\n<div id=\"attachment_7195\" style=\"width: 310px\" class=\"wp-caption alignleft\"><a href=\"http:\/\/www.albverein-bergatreute.de\/zeltlager\/wp-content\/uploads\/sites\/7\/2018\/08\/IMG_9433.jpg\"><img loading=\"lazy\" decoding=\"async\" aria-describedby=\"caption-attachment-7195\" class=\"size-medium wp-image-7195\" src=\"http:\/\/www.albverein-bergatreute.de\/zeltlager\/wp-content\/uploads\/sites\/7\/2018\/08\/IMG_9433-300x200.jpg\" alt=\"\" width=\"300\" height=\"200\" srcset=\"https:\/\/www.albverein-bergatreute.de\/zeltlager\/wp-content\/uploads\/sites\/7\/2018\/08\/IMG_9433-300x200.jpg 300w, https:\/\/www.albverein-bergatreute.de\/zeltlager\/wp-content\/uploads\/sites\/7\/2018\/08\/IMG_9433-768x512.jpg 768w, https:\/\/www.albverein-bergatreute.de\/zeltlager\/wp-content\/uploads\/sites\/7\/2018\/08\/IMG_9433-1024x683.jpg 1024w\" sizes=\"auto, (max-width: 300px) 100vw, 300px\" \/><\/a><p id=\"caption-attachment-7195\" class=\"wp-caption-text\">Urst m\u00f6chte gern im Vier-Gewinnt gewinnen<\/p><\/div>\n<p>&nbsp;<\/p>\n<div id=\"attachment_7193\" style=\"width: 310px\" class=\"wp-caption alignleft\"><a href=\"http:\/\/www.albverein-bergatreute.de\/zeltlager\/wp-content\/uploads\/sites\/7\/2018\/08\/IMG_9435.jpg\"><img loading=\"lazy\" decoding=\"async\" aria-describedby=\"caption-attachment-7193\" class=\"size-medium wp-image-7193\" src=\"http:\/\/www.albverein-bergatreute.de\/zeltlager\/wp-content\/uploads\/sites\/7\/2018\/08\/IMG_9435-300x200.jpg\" alt=\"\" width=\"300\" height=\"200\" srcset=\"https:\/\/www.albverein-bergatreute.de\/zeltlager\/wp-content\/uploads\/sites\/7\/2018\/08\/IMG_9435-300x200.jpg 300w, https:\/\/www.albverein-bergatreute.de\/zeltlager\/wp-content\/uploads\/sites\/7\/2018\/08\/IMG_9435-768x512.jpg 768w, https:\/\/www.albverein-bergatreute.de\/zeltlager\/wp-content\/uploads\/sites\/7\/2018\/08\/IMG_9435-1024x683.jpg 1024w\" sizes=\"auto, (max-width: 300px) 100vw, 300px\" \/><\/a><p id=\"caption-attachment-7193\" class=\"wp-caption-text\">Rudi versucht sich im Bogenschie\u00dfen<\/p><\/div>\n<div id=\"attachment_7191\" style=\"width: 310px\" class=\"wp-caption alignleft\"><a href=\"http:\/\/www.albverein-bergatreute.de\/zeltlager\/wp-content\/uploads\/sites\/7\/2018\/08\/IMG_9437.jpg\"><img loading=\"lazy\" decoding=\"async\" aria-describedby=\"caption-attachment-7191\" class=\"size-medium wp-image-7191\" src=\"http:\/\/www.albverein-bergatreute.de\/zeltlager\/wp-content\/uploads\/sites\/7\/2018\/08\/IMG_9437-300x200.jpg\" alt=\"\" width=\"300\" height=\"200\" srcset=\"https:\/\/www.albverein-bergatreute.de\/zeltlager\/wp-content\/uploads\/sites\/7\/2018\/08\/IMG_9437-300x200.jpg 300w, https:\/\/www.albverein-bergatreute.de\/zeltlager\/wp-content\/uploads\/sites\/7\/2018\/08\/IMG_9437-768x512.jpg 768w, https:\/\/www.albverein-bergatreute.de\/zeltlager\/wp-content\/uploads\/sites\/7\/2018\/08\/IMG_9437-1024x683.jpg 1024w\" sizes=\"auto, (max-width: 300px) 100vw, 300px\" \/><\/a><p id=\"caption-attachment-7191\" class=\"wp-caption-text\">Nico (Bildmitte gr\u00fcne Shirt) hat die schwere Aufgabe, im Perlenauff\u00e4deln was zu gewinnen<\/p><\/div>\n<p>&nbsp;<\/p>\n<p>&nbsp;<\/p>\n<p>&nbsp;<\/p>\n<p>&nbsp;<\/p>\n<p>&nbsp;<\/p>\n<p>&nbsp;<\/p>\n<p>&nbsp;<\/p>\n<p>&nbsp;<\/p>\n<p>&nbsp;<\/p>\n<p>&nbsp;<\/p>\n<p>&nbsp;<\/p>\n<p>&nbsp;<\/p>\n<p>&nbsp;<\/p>\n<p>&nbsp;<\/p>\n<p>&nbsp;<\/p>\n<p>Die Aufz\u00e4hlung ist nicht vollz\u00e4hlig. Es fehlt Chri,der im Darts antritt und Matze f\u00fcr Tischtennis. Die Dodo tritte im Mehlschneiden an und die Ka im Leitergolf<\/p>\n","protected":false},"excerpt":{"rendered":"<p>&nbsp; &nbsp; &nbsp; &nbsp; &nbsp; &nbsp; &nbsp; &nbsp; &nbsp; &nbsp; &nbsp; &nbsp; &nbsp; &nbsp; &nbsp; &nbsp; &nbsp; Die Aufz\u00e4hlung ist nicht vollz\u00e4hlig. Es&hellip;<\/p>\n","protected":false},"author":3,"featured_media":0,"comment_status":"open","ping_status":"closed","sticky":false,"template":"","format":"standard","meta":{"ngg_post_thumbnail":0,"footnotes":""},"categories":[1],"tags":[],"class_list":["post-7202","post","type-post","status-publish","format-standard","hentry","category-buchsee-blog"],"_links":{"self":[{"href":"https:\/\/www.albverein-bergatreute.de\/zeltlager\/wp-json\/wp\/v2\/posts\/7202","targetHints":{"allow":["GET"]}}],"collection":[{"href":"https:\/\/www.albverein-bergatreute.de\/zeltlager\/wp-json\/wp\/v2\/posts"}],"about":[{"href":"https:\/\/www.albverein-bergatreute.de\/zeltlager\/wp-json\/wp\/v2\/types\/post"}],"author":[{"embeddable":true,"href":"https:\/\/www.albverein-bergatreute.de\/zeltlager\/wp-json\/wp\/v2\/users\/3"}],"replies":[{"embeddable":true,"href":"https:\/\/www.albverein-bergatreute.de\/zeltlager\/wp-json\/wp\/v2\/comments?post=7202"}],"version-history":[{"count":6,"href":"https:\/\/www.albverein-bergatreute.de\/zeltlager\/wp-json\/wp\/v2\/posts\/7202\/revisions"}],"predecessor-version":[{"id":7208,"href":"https:\/\/www.albverein-bergatreute.de\/zeltlager\/wp-json\/wp\/v2\/posts\/7202\/revisions\/7208"}],"wp:attachment":[{"href":"https:\/\/www.albverein-bergatreute.de\/zeltlager\/wp-json\/wp\/v2\/media?parent=7202"}],"wp:term":[{"taxonomy":"category","embeddable":true,"href":"https:\/\/www.albverein-bergatreute.de\/zeltlager\/wp-json\/wp\/v2\/categories?post=7202"},{"taxonomy":"post_tag","embeddable":true,"href":"https:\/\/www.albverein-bergatreute.de\/zeltlager\/wp-json\/wp\/v2\/tags?post=7202"}],"curies":[{"name":"wp","href":"https:\/\/api.w.org\/{rel}","templated":true}]}}